{"id":4482,"date":"2016-02-19T11:19:07","date_gmt":"2016-02-19T10:19:07","guid":{"rendered":"http:\/\/www.domainedubuc.quatrys.fr\/es\/soiree-brame-du-cerf\/"},"modified":"2016-03-18T15:46:17","modified_gmt":"2016-03-18T14:46:17","slug":"noche-brame-du-cerf","status":"publish","type":"post","link":"https:\/\/www.domainedubuc.com\/es\/turismo\/estancias-tematicas\/noche-brame-du-cerf\/","title":{"rendered":"Noche \u00abBrame du Cerf\u00bb"},"content":{"rendered":"<h1 style=\"text-align: center;\"><\/h1>\n<h1 style=\"text-align: center;\">Soir\u00e9e Brame du Cerf<\/h1>\n<h2 style=\"text-align: center;\">De la mi-septembre \u00e0 octobre<\/h2>\n<h2 style=\"text-align: center;\"><\/h2>\n<p style=\"text-align: center;\">[button link=\u00bbhttp:\/\/www.domainedubuc.com\/chambres-hotes-charme\/\u00bb color=\u00bbgray\u00bb size=\u00bbmedium\u00bb]Choisissez votre chambre d&#8217;h\u00f4te[\/button]     [button link=\u00bbhttp:\/\/www.domainedubuc.com\/contact\/\u00bb color=\u00bbgray\u00bb size=\u00bbmedium\u00bb]Nous contacter pour plus d&#8217;info[\/button]<\/p>\n<p>Des mugissements graves et prolong\u00e9s retentissent dans les for\u00eats. C&#8217;est le brame du cerf.<\/p>\n<h3> Au programme :<\/h3>\n<p><strong> Minimum 2 personnes<\/strong><\/p>\n<p>Accueil et Installation dans votre maison d\u2019h\u00f4tes entre 14h et 16h.<\/p>\n<p>RDV \u00e0 17H pr\u00e9cises \u00e0 la lisi\u00e8re Nord de la for\u00eat de la Gr\u00e9signe (pr\u00e8s de Castelnau de Montmiral), o\u00f9 vous rejoindrez le groupe pour un sympathique go\u00fbter pendant lequel Alain va vous faire partager tous les secrets sur les m\u0153urs des biches, des cerfs et autres animaux de la foret.<\/p>\n<p>\u00c0 18H30 d\u00e9part \u00e0 pied pour la for\u00eat toute proche, bref historique de ce lieu formidable.<\/p>\n<p>D\u00e9but de l\u2019approche (dans un silence total) 3 \u00e0 4 Km. Installation pour le br\u00e2me du cerf, moment magique et unique.<\/p>\n<p>Le retour \u00e0 la lisi\u00e8re de la foret est pr\u00e9vu vers 21H pour le repas tarnais comment\u00e9.<\/p>\n<p>Attention : Ce jour l\u00e0, pr\u00e9voir une arriv\u00e9e dans votre maison d\u2019h\u00f4tes en tout d\u00e9but d\u2019apr\u00e8s midi et : des v\u00eatements chauds, des chaussures de marche, une lampe \u00e9lectrique, et surtout ne pas se parfumer ce jour l\u00e0) !<\/p>\n<h3>Prix :<\/h3>\n<p><strong>99 \u20ac \/pers<\/strong>, 1 nuit, 2 pers. minim (base chambre double ), petits d\u00e9jeuners inclus<\/p>\n<p><em>Le Domaine du Buc a \u00e9t\u00e9 immatricul\u00e9 au registre des op\u00e9rateurs de voyages et de s\u00e9jours, le 28 mai 2013, par ATOUT FRANCE, sous le num\u00e9ro suivant : IM081130002<\/em><\/p>\n","protected":false},"excerpt":{"rendered":"<p>Soir\u00e9e Brame du Cerf De la mi-septembre \u00e0 octobre [button link=\u00bbhttp:\/\/www.domainedubuc.com\/chambres-hotes-charme\/\u00bb color=\u00bbgray\u00bb size=\u00bbmedium\u00bb]Choisissez votre chambre d&#8217;h\u00f4te[\/button] [button link=\u00bbhttp:\/\/www.domainedubuc.com\/contact\/\u00bb color=\u00bbgray\u00bb size=\u00bbmedium\u00bb]Nous contacter pour plus d&#8217;info[\/button] Des mugissements graves et prolong\u00e9s retentissent dans les for\u00eats. C&#8217;est le brame du cerf. Au programme : Minimum 2 personnes Accueil et Installation dans votre maison d\u2019h\u00f4tes entre 14h et 16h. [&hellip;]<\/p>\n","protected":false},"author":7,"featured_media":0,"comment_status":"closed","ping_status":"closed","sticky":false,"template":"","format":"standard","meta":{"_acf_changed":false,"inline_featured_image":false,"footnotes":""},"categories":[64],"tags":[],"class_list":["post-4482","post","type-post","status-publish","format-standard","hentry","category-estancias-tematicas"],"acf":[],"_links":{"self":[{"href":"https:\/\/www.domainedubuc.com\/es\/wp-json\/wp\/v2\/posts\/4482","targetHints":{"allow":["GET"]}}],"collection":[{"href":"https:\/\/www.domainedubuc.com\/es\/wp-json\/wp\/v2\/posts"}],"about":[{"href":"https:\/\/www.domainedubuc.com\/es\/wp-json\/wp\/v2\/types\/post"}],"author":[{"embeddable":true,"href":"https:\/\/www.domainedubuc.com\/es\/wp-json\/wp\/v2\/users\/7"}],"replies":[{"embeddable":true,"href":"https:\/\/www.domainedubuc.com\/es\/wp-json\/wp\/v2\/comments?post=4482"}],"version-history":[{"count":1,"href":"https:\/\/www.domainedubuc.com\/es\/wp-json\/wp\/v2\/posts\/4482\/revisions"}],"predecessor-version":[{"id":4780,"href":"https:\/\/www.domainedubuc.com\/es\/wp-json\/wp\/v2\/posts\/4482\/revisions\/4780"}],"wp:attachment":[{"href":"https:\/\/www.domainedubuc.com\/es\/wp-json\/wp\/v2\/media?parent=4482"}],"wp:term":[{"taxonomy":"category","embeddable":true,"href":"https:\/\/www.domainedubuc.com\/es\/wp-json\/wp\/v2\/categories?post=4482"},{"taxonomy":"post_tag","embeddable":true,"href":"https:\/\/www.domainedubuc.com\/es\/wp-json\/wp\/v2\/tags?post=4482"}],"curies":[{"name":"wp","href":"https:\/\/api.w.org\/{rel}","templated":true}]}}