{"id":4492,"date":"2013-02-07T10:03:27","date_gmt":"2013-02-07T09:03:27","guid":{"rendered":"http:\/\/www.domainedubuc.quatrys.fr\/es\/festival-les-ptits-bouchons-gaillac-4-au-7-avril-2013\/"},"modified":"2016-03-18T17:12:30","modified_gmt":"2016-03-18T16:12:30","slug":"les-ptits-bouchons-gaillac-from-4-to-7-april-2016","status":"publish","type":"post","link":"https:\/\/www.domainedubuc.com\/es\/eventos\/les-ptits-bouchons-gaillac-from-4-to-7-april-2016\/","title":{"rendered":"Les ptits bouchons, Gaillac, del 4 al 7 abril 2013"},"content":{"rendered":"<p style=\"text-align: justify;\">Perdreau de l\u2019ann\u00e9e en 2012, et \u00e9v\u00e9nement attendu comme le messie en 2013 dans le Tarn, le Festival Les Ptits Bouchons est devenu, d\u00e8s sa premi\u00e8re ann\u00e9e d\u2019activit\u00e9, un \u00e9v\u00e9nement mu-sical incontournable . Pour cette seconde \u00e9dition, la program-mation est encore une fois \u00e0 la hauteur des attentes des festiva-liers !<\/p>\n<p style=\"text-align: justify;\"><!--more--><\/p>\n<p style=\"text-align: justify;\"><a href=\"http:\/\/www.domainedubuc.com\/wp-content\/uploads\/2013\/02\/PetitsBouchonsRed2.jpg\"><img loading=\"lazy\" decoding=\"async\" class=\"alignleft size-full wp-image-1039\" src=\"http:\/\/www.domainedubuc.com\/wp-content\/uploads\/2013\/02\/PetitsBouchonsRed2.jpg\" alt=\"PetitsBouchonsRed2\" width=\"200\" height=\"297\" \/><\/a>Jacques Higelin ouvrira les festivit\u00e9s le jeudi 4 avril avec en premi\u00e8re partie, Les Vendeurs d\u2019Enclumes. Suivront Scarecrow, dignes inventeur du style blues hip-hop et le dj\u2019s fran\u00e7ais Wax Taylor qui parcourt le monde entier avec ses concerts magiques et totalement novateurs dans le monde des musiques \u00e9lectroniques. Une soir\u00e9e \u00ab musiques actuelles \u00bb d\u00e9sormais rentr\u00e9e dans les moeurs, toujours en partenariat avec les gais-lurons activistes de l\u2019asso albigeoise Pollux<\/p>\n<p style=\"text-align: justify;\">Le samedi 6 avril verra deux pointures, deux virtuoses\u2026Manu Katch\u00e9, (batteur de Peter Gabriel, Sting et bien d\u2019autres, ani-mateur sur Arte de l\u2019\u00e9mission One Shot Not), Chilly Gonzal\u00e8s, pianiste canadien, et homme au record du monde du concert le plus long.<\/p>\n<p style=\"text-align: justify;\">Enfin , le bal sera ferm\u00e9 par deux ic\u00f4nes de la chanson, deux personnalit\u00e9s atypiques du paysage culturel fran\u00e7ais : Robert Charlebois et Juliette Gr\u00e9co.<\/p>\n<p style=\"text-align: justify;\">Encore plus ancr\u00e9 sur son territoire que l\u2019\u00e9dition pr\u00e9c\u00e9dente, Les ptits bouchons verra encore des concerts gratuits chez les vignerons et des spectacles jeune public pour les enfants du coin. <b><\/b><b>Wally<\/b>, le comique r\u00e9gional viendra tenter un essai sur le vin avec des acolytes comiques G\u00e9rard Morel et Vincent Rocca, tandis que Marcel Kanche, punk intellectuel (celui qui a \u00e9crit Divine idylle pour Vanessa Paradis, entre autres\u2026) viendra rendre un hommage \u00e0 L\u00e9o Ferr\u00e9 \u00e0 l\u2019occasion des 20 ans de sa disparition\u2026<\/p>\n<p style=\"text-align: justify;\">Pour les petits et grands, pour les fanatiques de musique et de chanson, Les ptits bouchons, c\u2019est LE festival de d\u00e9-but de saison en Midi Pyr\u00e9n\u00e9es !<\/p>\n<p style=\"text-align: justify;\">Sources et informations <a href=\"http:\/\/www.lesptitsbouchons.net\/\" target=\"_blank\" rel=\"noopener\">www.lesptitsbouchons.net<\/a><\/p>\n<p>Vous recherchez un h\u00e9bergement pendant le festival Les Ptits Bouchons ? &#8230;<\/p>\n<p>[button link=\u00bbhttp:\/\/www.domainedubuc.com\/reserver-chambre-dhote-charme\/\u00bb color=\u00bbgray\u00bb size=\u00bbmedium\u00bb]Reservez votre chambre d&#8217;h\u00f4tes[\/button]<\/p>\n","protected":false},"excerpt":{"rendered":"<p>Perdreau de l\u2019ann\u00e9e en 2012, et \u00e9v\u00e9nement attendu comme le messie en 2013 dans le Tarn, le Festival Les Ptits Bouchons est devenu, d\u00e8s sa premi\u00e8re ann\u00e9e d\u2019activit\u00e9, un \u00e9v\u00e9nement mu-sical incontournable . Pour cette seconde \u00e9dition, la program-mation est encore une fois \u00e0 la hauteur des attentes des festiva-liers !<\/p>\n","protected":false},"author":3,"featured_media":0,"comment_status":"open","ping_status":"closed","sticky":false,"template":"","format":"standard","meta":{"_acf_changed":false,"inline_featured_image":false,"footnotes":""},"categories":[74,78],"tags":[91,92,93,94],"class_list":["post-4492","post","type-post","status-publish","format-standard","hentry","category-eventos","category-festival-de-musica","tag-chanson-francaise-es","tag-festival-es","tag-gaillac-es","tag-musique-es"],"acf":[],"_links":{"self":[{"href":"https:\/\/www.domainedubuc.com\/es\/wp-json\/wp\/v2\/posts\/4492","targetHints":{"allow":["GET"]}}],"collection":[{"href":"https:\/\/www.domainedubuc.com\/es\/wp-json\/wp\/v2\/posts"}],"about":[{"href":"https:\/\/www.domainedubuc.com\/es\/wp-json\/wp\/v2\/types\/post"}],"author":[{"embeddable":true,"href":"https:\/\/www.domainedubuc.com\/es\/wp-json\/wp\/v2\/users\/3"}],"replies":[{"embeddable":true,"href":"https:\/\/www.domainedubuc.com\/es\/wp-json\/wp\/v2\/comments?post=4492"}],"version-history":[{"count":5,"href":"https:\/\/www.domainedubuc.com\/es\/wp-json\/wp\/v2\/posts\/4492\/revisions"}],"predecessor-version":[{"id":4899,"href":"https:\/\/www.domainedubuc.com\/es\/wp-json\/wp\/v2\/posts\/4492\/revisions\/4899"}],"wp:attachment":[{"href":"https:\/\/www.domainedubuc.com\/es\/wp-json\/wp\/v2\/media?parent=4492"}],"wp:term":[{"taxonomy":"category","embeddable":true,"href":"https:\/\/www.domainedubuc.com\/es\/wp-json\/wp\/v2\/categories?post=4492"},{"taxonomy":"post_tag","embeddable":true,"href":"https:\/\/www.domainedubuc.com\/es\/wp-json\/wp\/v2\/tags?post=4492"}],"curies":[{"name":"wp","href":"https:\/\/api.w.org\/{rel}","templated":true}]}}