{"id":4494,"date":"2015-04-08T07:53:41","date_gmt":"2015-04-08T06:53:41","guid":{"rendered":"http:\/\/www.domainedubuc.quatrys.fr\/es\/nouvelle-exposition-au-musee-de-la-mode-albi\/"},"modified":"2016-03-18T16:49:40","modified_gmt":"2016-03-18T15:49:40","slug":"new-exhibition-at-the-fashion-museum-albi","status":"publish","type":"post","link":"https:\/\/www.domainedubuc.com\/es\/eventos\/new-exhibition-at-the-fashion-museum-albi\/","title":{"rendered":"Nueva exposici\u00f3n en el Museo de la Moda &#8211; Albi"},"content":{"rendered":"<p>Du 31 mars au 27 d\u00e9cembre 2015 , venez d\u00e9couvrir la nouvelle exposition du Mus\u00e9e de la Mode \u00e0 Albi :<\/p>\n<p>\u00abNoir sur Blanc &#8211; noir et blanc \u00bb<br \/>\nUne autre fa\u00e7on de voir un texte et de lire un objet.<\/p>\n<p><a href=\"http:\/\/www.domainedubuc.com\/wp-content\/uploads\/2015\/04\/MuseeMode.jpg\"><img loading=\"lazy\" decoding=\"async\" class=\"aligncenter size-full wp-image-3708\" src=\"http:\/\/www.domainedubuc.com\/wp-content\/uploads\/2015\/04\/MuseeMode.jpg\" alt=\"MuseeMode\" width=\"800\" height=\"400\" \/><\/a><\/p>\n<p>Riche de quelques milliers de pi\u00e8ces, la collection est pr\u00e9sent\u00e9e selon des th\u00e8mes diff\u00e9rents, chaque ann\u00e9e, d&#8217;avril \u00e0 d\u00e9cembre. Chaque exposition annuelle propose de d\u00e9couvrir une centaine de pi\u00e8ces.<\/p>\n<p>Le Mus\u00e9e est ouvert de mardi au dimanche de 9h30 \u00e0 12h et de 14h30 \u00e0 18h .<\/p>\n<p>Visites guid\u00e9es le dimanche \u00e0 15h et 16h30 (sur r\u00e9servation )<\/p>\n<p>Renseignements : <a href=\"http:\/\/www.musee-mode.com\" target=\"_blank\" rel=\"noopener\">www.mus\u00e9e-mode.com <\/a>, Tel : 05 63 43 15 90<\/p>\n<p>Adresse : 17 rue de la Souque \u00e0 Albi<\/p>\n<p>&nbsp;<\/p>\n","protected":false},"excerpt":{"rendered":"<p>Du 31 mars au 27 d\u00e9cembre 2015 , venez d\u00e9couvrir la nouvelle exposition du Mus\u00e9e de la Mode \u00e0 Albi : \u00abNoir sur Blanc &#8211; noir et blanc \u00bb Une autre fa\u00e7on de voir un texte et de lire un objet. Riche de quelques milliers de pi\u00e8ces, la collection est pr\u00e9sent\u00e9e selon des th\u00e8mes diff\u00e9rents, [&hellip;]<\/p>\n","protected":false},"author":3,"featured_media":0,"comment_status":"open","ping_status":"closed","sticky":false,"template":"","format":"standard","meta":{"_acf_changed":false,"inline_featured_image":false,"footnotes":""},"categories":[74,76],"tags":[],"class_list":["post-4494","post","type-post","status-publish","format-standard","hentry","category-eventos","category-exposicion"],"acf":[],"_links":{"self":[{"href":"https:\/\/www.domainedubuc.com\/es\/wp-json\/wp\/v2\/posts\/4494","targetHints":{"allow":["GET"]}}],"collection":[{"href":"https:\/\/www.domainedubuc.com\/es\/wp-json\/wp\/v2\/posts"}],"about":[{"href":"https:\/\/www.domainedubuc.com\/es\/wp-json\/wp\/v2\/types\/post"}],"author":[{"embeddable":true,"href":"https:\/\/www.domainedubuc.com\/es\/wp-json\/wp\/v2\/users\/3"}],"replies":[{"embeddable":true,"href":"https:\/\/www.domainedubuc.com\/es\/wp-json\/wp\/v2\/comments?post=4494"}],"version-history":[{"count":4,"href":"https:\/\/www.domainedubuc.com\/es\/wp-json\/wp\/v2\/posts\/4494\/revisions"}],"predecessor-version":[{"id":4857,"href":"https:\/\/www.domainedubuc.com\/es\/wp-json\/wp\/v2\/posts\/4494\/revisions\/4857"}],"wp:attachment":[{"href":"https:\/\/www.domainedubuc.com\/es\/wp-json\/wp\/v2\/media?parent=4494"}],"wp:term":[{"taxonomy":"category","embeddable":true,"href":"https:\/\/www.domainedubuc.com\/es\/wp-json\/wp\/v2\/categories?post=4494"},{"taxonomy":"post_tag","embeddable":true,"href":"https:\/\/www.domainedubuc.com\/es\/wp-json\/wp\/v2\/tags?post=4494"}],"curies":[{"name":"wp","href":"https:\/\/api.w.org\/{rel}","templated":true}]}}