{"id":4496,"date":"2014-10-11T14:48:25","date_gmt":"2014-10-11T13:48:25","guid":{"rendered":"http:\/\/www.domainedubuc.quatrys.fr\/es\/exposition-maurice-joyant-au-musee-toulouse-lautrec\/"},"modified":"2016-03-18T17:00:32","modified_gmt":"2016-03-18T16:00:32","slug":"maurice-joyant-exposure-toulouse-lautrec-museum","status":"publish","type":"post","link":"https:\/\/www.domainedubuc.com\/es\/eventos\/maurice-joyant-exposure-toulouse-lautrec-museum\/","title":{"rendered":"La exposici\u00f3n Maurice Joyant al Museo Toulouse Lautrec"},"content":{"rendered":"<p><strong>Afin de marquer le 150e anniversaire de la naissance d\u2019Henri de Toulouse-Lautrec, le mus\u00e9e Toulouse-Lautrec propose une exposition temporaire du 10 octobre 2014 au 4 janvier 2015.<\/strong><br \/>\n<strong><img loading=\"lazy\" decoding=\"async\" src=\"http:\/\/www.mairie-albi.fr\/vie_culturelle\/sortir\/images\/mai2014\/joyant2.png\" alt=\"\" width=\"200\" height=\"91\" \/><\/strong><\/p>\n<p><a href=\"http:\/\/www.domainedubuc.com\/wp-content\/uploads\/2014\/10\/MauriceJoyant.jpg\"><img loading=\"lazy\" decoding=\"async\" class=\"alignright wp-image-3292 size-medium\" title=\"Maurice Joyant, ami de Toulouse Lautrec\" src=\"http:\/\/www.domainedubuc.com\/wp-content\/uploads\/2014\/10\/MauriceJoyant-204x300.jpg\" alt=\"Maurice Joyant\" width=\"204\" height=\"300\" \/><\/a><\/p>\n<p>Henri de Toulouse-Lautrec tient en grande partie sa gloire posthume \u00e0 l\u2019action d\u00e9termin\u00e9e de son ami <strong>Maurice Joyant<\/strong> (1864-1930) ; condisciple de lyc\u00e9e du peintre, ce dernier renoue avec lui \u00e0 partir de 1888, puis, devenu directeur de la galerie Goupil boulevard Montmartre, il oeuvre inlassablement \u00e0 la promotion de Toulouse-Lautrec de son vivant, comme apr\u00e8s sa mort, intervenant de fa\u00e7on d\u00e9cisive dans la cr\u00e9ation des galeries <a title=\"Mus\u00e9e Toulouse Lautrec , Albi, Tarn, Midi Pyr\u00e9n\u00e9es , France \" href=\"http:\/\/www.museetoulouselautrec.net\/\" target=\"_blank\" rel=\"noopener\"><strong>Toulouse-Lautrec au mus\u00e9e d\u2019Albi.<\/strong><\/a><br \/>\nD\u00e9fenseur du travail de son ami, il en avait une connaissance intime.<\/p>\n<p>&nbsp;<\/p>\n<p>L\u2019exposition pr\u00e9sente quelques <strong>tableaux exceptionnels<\/strong> de sa collection personnelle et met en lumi\u00e8re les liens d\u2019amiti\u00e9s entre les deux hommes ; elle permet plus particuli\u00e8rement d\u2019approcher les \u00e9tapes du processus cr\u00e9atif de <strong>Lautrec lithographe<\/strong>, Joyant ayant conserv\u00e9 de rares \u00e9preuves d\u2019essais, des tirages au trait de certaines des affiches les plus connues, des exemplaires qui lui sont d\u00e9dicac\u00e9s.<\/p>\n<p>&nbsp;<\/p>\n<p>Ces t\u00e9moignages uniques de l\u2019art de Toulouse-Lautrec t\u00e9moignent du regard attentif et \u00e9clair\u00e9 de celui qui fut le biographe et l\u2019auteur du premier catalogue raisonn\u00e9 de l\u2019oeuvre du peintre, et su p\u00e9n\u00e9trer la personnalit\u00e9 de l\u2019homme.<\/p>\n<p>&nbsp;<\/p>\n<p><a href=\"http:\/\/www.domainedubuc.com\/wp-content\/uploads\/2014\/10\/MuseeTL.jpg\"><img loading=\"lazy\" decoding=\"async\" class=\"alignleft wp-image-3293 size-medium\" title=\"Palais de la Berbie qui abrite le Mus\u00e9e Toulouse Lautrec \" src=\"http:\/\/www.domainedubuc.com\/wp-content\/uploads\/2014\/10\/MuseeTL-300x223.jpg\" alt=\"MuseeTL\" width=\"300\" height=\"223\" \/><\/a><\/p>\n<p><strong>Horaires <\/strong><br \/>\nOctobre : 10h-12h \/ 14h-18h<br \/>\nNovembre &#8211; d\u00e9cembre : 10h-12h \/ 14h-17h30<\/p>\n<p>Janvier : 10h-12h \/ 14h-17h<\/p>\n<p>Ferm\u00e9 le mardi, le 1er novembre, le 25 d\u00e9cembre et le 1er janvier<\/p>\n<p>&nbsp;<\/p>\n<p>&nbsp;<\/p>\n<p><em>Exposition r\u00e9alis\u00e9e en partenariat avec le Mitsubishi Ichigokan Museum<br \/>\n<\/em><br \/>\n\u2022 un partenariat exceptionnel avec le <a title=\"Mus\u00e9e Mitsubishi Tokyo\" href=\"http:\/\/mitsubishi-ichigokan.jp\/en\/\" target=\"_blank\" rel=\"noopener\"><strong>Mus\u00e9e Mitsubishi Ichigokan de Tokyo <\/strong><\/a>jumel\u00e9 avec le mTL depuis 2009 qui illustre le rayonnement international du mus\u00e9e d\u2019Albi et ses liens avec le Japon.<br \/>\n\u2022 des pr\u00eats d\u2019institutions parisiennes prestigieuses : le <strong><a title=\"Mus\u00e9e d&#039;Orsay Paris\" href=\"http:\/\/www.musee-orsay.fr\/\" target=\"_blank\" rel=\"noopener\">Mus\u00e9e d\u2019Orsay <\/a><\/strong>et la <a title=\"Biblioth\u00e8que Nationale de France\" href=\"http:\/\/www.bnf.fr\/fr\/acc\/x.accueil.html\" target=\"_blank\" rel=\"noopener\"><strong>Biblioth\u00e8que Nationale de France<\/strong><\/a>, seule institution publique avec le mus\u00e9e d\u2019Albi \u00e0 avoir accept\u00e9 les propositions de don de la famille du peintre pr\u00e9sent\u00e9es par Maurice Joyant.<br \/>\n\u2022 la pr\u00e9sentation d\u2019oeuvres jamais expos\u00e9es en France (collection de lithographies du mus\u00e9e Mitsubishi Ichigokan, et tirages d\u2019essai acquis par la BnF lors de la dispersion de la collection Joyant en 2008).<br \/>\n\u2022 une approche scientifique de la d\u00e9marche technique de Toulouse-Lautrec affichiste qui permettra au public une d\u00e9couverte approfondie de l\u2019artiste qui fait la renomm\u00e9e du mus\u00e9e d\u2019Albi.<\/p>\n<p>&nbsp;<\/p>\n<p>Sources : <a title=\"Exposition Maurice Joyant au Mus\u00e9e Toulouse Lautrec\" href=\"http:\/\/www.mairie-albi.fr\/vie_culturelle\/sortir\/expos.html\" target=\"_blank\" rel=\"noopener\">http:\/\/www.mairie-albi.fr\/vie_culturelle\/sortir\/expos.html<\/a><\/p>\n","protected":false},"excerpt":{"rendered":"<p>Afin de marquer le 150e anniversaire de la naissance d\u2019Henri de Toulouse-Lautrec, le mus\u00e9e Toulouse-Lautrec propose une exposition temporaire du 10 octobre 2014 au 4 janvier 2015. Henri de Toulouse-Lautrec tient en grande partie sa gloire posthume \u00e0 l\u2019action d\u00e9termin\u00e9e de son ami Maurice Joyant (1864-1930) ; condisciple de lyc\u00e9e du peintre, ce dernier renoue [&hellip;]<\/p>\n","protected":false},"author":3,"featured_media":0,"comment_status":"open","ping_status":"closed","sticky":false,"template":"","format":"standard","meta":{"_acf_changed":false,"inline_featured_image":false,"footnotes":""},"categories":[74,76],"tags":[],"class_list":["post-4496","post","type-post","status-publish","format-standard","hentry","category-eventos","category-exposicion"],"acf":[],"_links":{"self":[{"href":"https:\/\/www.domainedubuc.com\/es\/wp-json\/wp\/v2\/posts\/4496","targetHints":{"allow":["GET"]}}],"collection":[{"href":"https:\/\/www.domainedubuc.com\/es\/wp-json\/wp\/v2\/posts"}],"about":[{"href":"https:\/\/www.domainedubuc.com\/es\/wp-json\/wp\/v2\/types\/post"}],"author":[{"embeddable":true,"href":"https:\/\/www.domainedubuc.com\/es\/wp-json\/wp\/v2\/users\/3"}],"replies":[{"embeddable":true,"href":"https:\/\/www.domainedubuc.com\/es\/wp-json\/wp\/v2\/comments?post=4496"}],"version-history":[{"count":3,"href":"https:\/\/www.domainedubuc.com\/es\/wp-json\/wp\/v2\/posts\/4496\/revisions"}],"predecessor-version":[{"id":4877,"href":"https:\/\/www.domainedubuc.com\/es\/wp-json\/wp\/v2\/posts\/4496\/revisions\/4877"}],"wp:attachment":[{"href":"https:\/\/www.domainedubuc.com\/es\/wp-json\/wp\/v2\/media?parent=4496"}],"wp:term":[{"taxonomy":"category","embeddable":true,"href":"https:\/\/www.domainedubuc.com\/es\/wp-json\/wp\/v2\/categories?post=4496"},{"taxonomy":"post_tag","embeddable":true,"href":"https:\/\/www.domainedubuc.com\/es\/wp-json\/wp\/v2\/tags?post=4496"}],"curies":[{"name":"wp","href":"https:\/\/api.w.org\/{rel}","templated":true}]}}