{"id":4498,"date":"2014-04-07T20:46:16","date_gmt":"2014-04-07T19:46:16","guid":{"rendered":"http:\/\/www.domainedubuc.quatrys.fr\/es\/exposition-maillol-de-la-ligne-au-volume\/"},"modified":"2016-03-18T17:03:40","modified_gmt":"2016-03-18T16:03:40","slug":"maillol-exhibition-the-volume-of-the-line","status":"publish","type":"post","link":"https:\/\/www.domainedubuc.com\/es\/eventos\/maillol-exhibition-the-volume-of-the-line\/","title":{"rendered":"Exposici\u00f3n Maillol: de la l\u00ednea al volumen"},"content":{"rendered":"<p><strong>Exposition ouverte du 5 avril au 22 juin 2014<\/strong><\/p>\n<p><strong>Le mus\u00e9e Toulouse-Lautrec, en collaboration avec la Fondation Dina Vierny, Mus\u00e9e Maillol, Paris, pr\u00e9sente une exposition de dessins et de sculptures d\u2019Aristide Maillol (1861 \u2013 1944, Banyuls-sur-Mer) pour c\u00e9l\u00e9brer le 70e anniversaire de la mort de l\u2019artiste.<!--more--><\/strong><\/p>\n<p><a href=\"http:\/\/www.domainedubuc.com\/wp-content\/uploads\/2014\/04\/ExpoMaillol.jpg\"><img loading=\"lazy\" decoding=\"async\" class=\"wp-image-3255 alignleft\" src=\"http:\/\/www.domainedubuc.com\/wp-content\/uploads\/2014\/04\/ExpoMaillol.jpg\" alt=\"Exposition maillol , de la ligne au volume \" width=\"325\" height=\"200\" \/><\/a><br \/>\nUn ensemble de pr\u00e8s de 50 dessins et de 10 sculptures explore les liens entre le dessin d\u2019apr\u00e8s mod\u00e8le et la sculpture de cet artiste majeur qui a profond\u00e9ment marqu\u00e9 le XXe si\u00e8cle. A la tradition narrative et descriptive de la repr\u00e9sentation, Maillol oppose la recherche d\u2019une forme pure dans laquelle le dessin appara\u00eet comme une \u00e9tape fondamentale. 16 dessins concernent notamment Dina, mod\u00e8le et complice de Maillol de 1935 \u00e0 1944, qui a cr\u00e9\u00e9 la Fondation qui lui est consacr\u00e9e \u00e0 Paris.<\/p>\n<p>Plus d&#8217;informations sur <a href=\"http:\/\/www.musee-toulouse-lautrec.com\" target=\"_blank\" rel=\"noopener\">www.musee-toulouse-lautrec.com<\/a><\/p>\n","protected":false},"excerpt":{"rendered":"<p>Exposition ouverte du 5 avril au 22 juin 2014 Le mus\u00e9e Toulouse-Lautrec, en collaboration avec la Fondation Dina Vierny, Mus\u00e9e Maillol, Paris, pr\u00e9sente une exposition de dessins et de sculptures d\u2019Aristide Maillol (1861 \u2013 1944, Banyuls-sur-Mer) pour c\u00e9l\u00e9brer le 70e anniversaire de la mort de l\u2019artiste.<\/p>\n","protected":false},"author":3,"featured_media":0,"comment_status":"open","ping_status":"closed","sticky":false,"template":"","format":"standard","meta":{"_acf_changed":false,"inline_featured_image":false,"footnotes":""},"categories":[74,76],"tags":[97,98],"class_list":["post-4498","post","type-post","status-publish","format-standard","hentry","category-eventos","category-exposicion","tag-exposition-2-es","tag-musee-es"],"acf":[],"_links":{"self":[{"href":"https:\/\/www.domainedubuc.com\/es\/wp-json\/wp\/v2\/posts\/4498","targetHints":{"allow":["GET"]}}],"collection":[{"href":"https:\/\/www.domainedubuc.com\/es\/wp-json\/wp\/v2\/posts"}],"about":[{"href":"https:\/\/www.domainedubuc.com\/es\/wp-json\/wp\/v2\/types\/post"}],"author":[{"embeddable":true,"href":"https:\/\/www.domainedubuc.com\/es\/wp-json\/wp\/v2\/users\/3"}],"replies":[{"embeddable":true,"href":"https:\/\/www.domainedubuc.com\/es\/wp-json\/wp\/v2\/comments?post=4498"}],"version-history":[{"count":4,"href":"https:\/\/www.domainedubuc.com\/es\/wp-json\/wp\/v2\/posts\/4498\/revisions"}],"predecessor-version":[{"id":4883,"href":"https:\/\/www.domainedubuc.com\/es\/wp-json\/wp\/v2\/posts\/4498\/revisions\/4883"}],"wp:attachment":[{"href":"https:\/\/www.domainedubuc.com\/es\/wp-json\/wp\/v2\/media?parent=4498"}],"wp:term":[{"taxonomy":"category","embeddable":true,"href":"https:\/\/www.domainedubuc.com\/es\/wp-json\/wp\/v2\/categories?post=4498"},{"taxonomy":"post_tag","embeddable":true,"href":"https:\/\/www.domainedubuc.com\/es\/wp-json\/wp\/v2\/tags?post=4498"}],"curies":[{"name":"wp","href":"https:\/\/api.w.org\/{rel}","templated":true}]}}